{"id":38,"date":"2015-09-04T21:53:38","date_gmt":"2015-09-04T19:53:38","guid":{"rendered":"https:\/\/comati.de\/?p=38"},"modified":"2016-07-20T21:55:58","modified_gmt":"2016-07-20T19:55:58","slug":"4-september-2015-kulturfest-im-literaturhaus","status":"publish","type":"post","link":"https:\/\/comati.de\/?p=38","title":{"rendered":"4. September 2015 &#8211; Kulturfest im Literaturhaus"},"content":{"rendered":"<p>Freitag, 4. September 2015 ab 16 Uhr<\/p>\n<p>Das Literaturhaus Darmstadt l\u00e4dt herzlich ein zum Kulturfest in sp\u00e4tsommerlicher Atmosph\u00e4re mit anregenden Gespr\u00e4chen und einem vielf\u00e4ltigen Unterhaltungsprogramm. Zwanzig im Haus ans\u00e4ssige Institutionen stellen sich vor und gestalten das Programm. Im gro\u00dfen 4st\u00f6ckigen Haus stehen mehrere B\u00fcchertische und Bibliotheken zum St\u00f6bern bereit und das vielf\u00e4ltige kulturelle Angebot wird von einem kulinarischen Angebot mit Sitzgelegenheiten auf dem Vorplatz abgerundet.<\/p>\n<p><a href=\"https:\/\/comati.de\/wp-content\/uploads\/2015\/09\/Programm_Flyer.pdf\">Programm_Flyer<\/a><\/p>\n","protected":false},"excerpt":{"rendered":"<p>Freitag, 4. September 2015 ab 16 Uhr Das Literaturhaus Darmstadt l\u00e4dt herzlich ein zum Kulturfest in sp\u00e4tsommerlicher Atmosph\u00e4re mit anregenden Gespr\u00e4chen und einem vielf\u00e4ltigen Unterhaltungsprogramm. Zwanzig im Haus ans\u00e4ssige Institutionen stellen sich vor und gestalten das Programm. Im gro\u00dfen 4st\u00f6ckigen &hellip; <a href=\"https:\/\/comati.de\/?p=38\">Weiterlesen <span class=\"meta-nav\">&rarr;<\/span><\/a><\/p>\n","protected":false},"author":1,"featured_media":0,"comment_status":"open","ping_status":"open","sticky":false,"template":"","format":"standard","meta":{"footnotes":""},"categories":[1],"tags":[],"class_list":["post-38","post","type-post","status-publish","format-standard","hentry","category-allgemein"],"_links":{"self":[{"href":"https:\/\/comati.de\/index.php?rest_route=\/wp\/v2\/posts\/38","targetHints":{"allow":["GET"]}}],"collection":[{"href":"https:\/\/comati.de\/index.php?rest_route=\/wp\/v2\/posts"}],"about":[{"href":"https:\/\/comati.de\/index.php?rest_route=\/wp\/v2\/types\/post"}],"author":[{"embeddable":true,"href":"https:\/\/comati.de\/index.php?rest_route=\/wp\/v2\/users\/1"}],"replies":[{"embeddable":true,"href":"https:\/\/comati.de\/index.php?rest_route=%2Fwp%2Fv2%2Fcomments&post=38"}],"version-history":[{"count":2,"href":"https:\/\/comati.de\/index.php?rest_route=\/wp\/v2\/posts\/38\/revisions"}],"predecessor-version":[{"id":41,"href":"https:\/\/comati.de\/index.php?rest_route=\/wp\/v2\/posts\/38\/revisions\/41"}],"wp:attachment":[{"href":"https:\/\/comati.de\/index.php?rest_route=%2Fwp%2Fv2%2Fmedia&parent=38"}],"wp:term":[{"taxonomy":"category","embeddable":true,"href":"https:\/\/comati.de\/index.php?rest_route=%2Fwp%2Fv2%2Fcategories&post=38"},{"taxonomy":"post_tag","embeddable":true,"href":"https:\/\/comati.de\/index.php?rest_route=%2Fwp%2Fv2%2Ftags&post=38"}],"curies":[{"name":"wp","href":"https:\/\/api.w.org\/{rel}","templated":true}]}}